{"id":2454,"date":"2024-09-28T13:12:00","date_gmt":"2024-09-28T13:12:00","guid":{"rendered":"https:\/\/www.d-paideia.eu\/?p=2454"},"modified":"2024-10-28T12:14:03","modified_gmt":"2024-10-28T12:14:03","slug":"d-paideia-realitza-una-formacio-de-formadors-per-pilotar-el-nostre-curriculum-sobre-competencies-digitals-pedagogiques","status":"publish","type":"post","link":"https:\/\/www.d-paideia.eu\/ca\/d-paideia-realitza-una-formacio-de-formadors-per-pilotar-el-nostre-curriculum-sobre-competencies-digitals-pedagogiques\/","title":{"rendered":"D-Paideia realitza una Formaci\u00f3 de Formadors per pilotar el nostre Curr\u00edculum sobre compet\u00e8ncies digitals pedag\u00f2giques"},"content":{"rendered":"\n<p>La Formaci\u00f3 de Formadors del projecte D-PAIDEIA a Sofia, del 25 al 27 de setembre de 2024, sobre compet\u00e8ncies digitals pedag\u00f2giques, estrat\u00e8gia digital i plans d&#8217;acci\u00f3 en les escoles. La formaci\u00f3 va comptar amb l\u2019assist\u00e8ncia d&#8217;aproximadament 20 educadors per provar un curr\u00edculum docent recentment desenvolupat.<\/p>\n\n\n\n<p><\/p>\n\n\n\n<p>\ud83d\ude80 Aquest va ser el contingut d\u2019aquest seminari europeu amb visi\u00f3 de futur per a formadors, en el qual vam treballar espec\u00edficament en els m\u00f2duls seg\u00fcents:<\/p>\n\n\n\n<p><\/p>\n\n\n\n<p>&#8211; Consci\u00e8ncia de les pol\u00edtiques institucionals, equilibri entre la vida laboral i digital i benestar, gesti\u00f3 de les relacions educatives amb TIC<br>&#8211; Estudis de facilitaci\u00f3 diversos i flexibles, gesti\u00f3 de la identitat i reputaci\u00f3 digital, actituds envers l\u2019adopci\u00f3 de la tecnologia digital.<\/p>\n\n\n\n<p><\/p>\n\n\n\n<p>La reuni\u00f3 va ser organitzada pel nostre soci Centre de Formaci\u00f3 Creativa, mentre que els nostres socis de la Universit\u00e0 degli Studi di Firenze, la Universitat de Girona i UC Leuven-Limburg es van encarregar del programa de formaci\u00f3.<\/p>\n\n\n\n<p><\/p>\n\n\n\n<p>En un futur proper formarem 50 professors de cada pa\u00eds participant i es seleccionaran 20 escoles que seran recolzades per desenvolupar la seva estrat\u00e8gia digital. La convocat\u00f2ria s\u2019obrir\u00e0 ben aviat!<\/p>\n\n\n\n<p><\/p>\n\n\n\n<p>Estigueu atents!<\/p>\n\n\n\n<figure class=\"wp-block-image size-full\"><img loading=\"lazy\" decoding=\"async\" width=\"1024\" height=\"577\" src=\"https:\/\/www.d-paideia.eu\/wp-content\/uploads\/2024\/10\/image-7.png\" alt=\"\" class=\"wp-image-2455\" srcset=\"https:\/\/www.d-paideia.eu\/wp-content\/uploads\/2024\/10\/image-7.png 1024w, https:\/\/www.d-paideia.eu\/wp-content\/uploads\/2024\/10\/image-7-980x552.png 980w, https:\/\/www.d-paideia.eu\/wp-content\/uploads\/2024\/10\/image-7-480x270.png 480w\" sizes=\"auto, (min-width: 0px) and (max-width: 480px) 480px, (min-width: 481px) and (max-width: 980px) 980px, (min-width: 981px) 1024px, 100vw\" \/><\/figure>\n","protected":false},"excerpt":{"rendered":"<p>La Formaci\u00f3 de Formadors del projecte D-PAIDEIA a Sofia, del 25 al 27 de setembre de 2024, sobre compet\u00e8ncies digitals pedag\u00f2giques, estrat\u00e8gia digital i plans d&#8217;acci\u00f3 en les escoles. La formaci\u00f3 va comptar amb l\u2019assist\u00e8ncia d&#8217;aproximadament 20 educadors per provar un curr\u00edculum docent recentment desenvolupat. \ud83d\ude80 Aquest va ser el contingut d\u2019aquest seminari europeu amb [&hellip;]<\/p>\n","protected":false},"author":1,"featured_media":0,"comment_status":"closed","ping_status":"open","sticky":false,"template":"","format":"standard","meta":{"_acf_changed":false,"_et_pb_use_builder":"off","_et_pb_old_content":"","_et_gb_content_width":"","footnotes":""},"categories":[12],"tags":[],"class_list":["post-2454","post","type-post","status-publish","format-standard","hentry","category-uncategorized-ca"],"acf":[],"_links":{"self":[{"href":"https:\/\/www.d-paideia.eu\/ca\/wp-json\/wp\/v2\/posts\/2454","targetHints":{"allow":["GET"]}}],"collection":[{"href":"https:\/\/www.d-paideia.eu\/ca\/wp-json\/wp\/v2\/posts"}],"about":[{"href":"https:\/\/www.d-paideia.eu\/ca\/wp-json\/wp\/v2\/types\/post"}],"author":[{"embeddable":true,"href":"https:\/\/www.d-paideia.eu\/ca\/wp-json\/wp\/v2\/users\/1"}],"replies":[{"embeddable":true,"href":"https:\/\/www.d-paideia.eu\/ca\/wp-json\/wp\/v2\/comments?post=2454"}],"version-history":[{"count":1,"href":"https:\/\/www.d-paideia.eu\/ca\/wp-json\/wp\/v2\/posts\/2454\/revisions"}],"predecessor-version":[{"id":2462,"href":"https:\/\/www.d-paideia.eu\/ca\/wp-json\/wp\/v2\/posts\/2454\/revisions\/2462"}],"wp:attachment":[{"href":"https:\/\/www.d-paideia.eu\/ca\/wp-json\/wp\/v2\/media?parent=2454"}],"wp:term":[{"taxonomy":"category","embeddable":true,"href":"https:\/\/www.d-paideia.eu\/ca\/wp-json\/wp\/v2\/categories?post=2454"},{"taxonomy":"post_tag","embeddable":true,"href":"https:\/\/www.d-paideia.eu\/ca\/wp-json\/wp\/v2\/tags?post=2454"}],"curies":[{"name":"wp","href":"https:\/\/api.w.org\/{rel}","templated":true}]}}