{"id":2452,"date":"2024-10-01T10:52:00","date_gmt":"2024-10-01T10:52:00","guid":{"rendered":"https:\/\/www.d-paideia.eu\/?p=2452"},"modified":"2024-11-03T23:21:48","modified_gmt":"2024-11-03T23:21:48","slug":"article-del-projecte-cap-a-un-marc-ampliat-de-competencia-digital-per-als-educadors","status":"publish","type":"post","link":"https:\/\/www.d-paideia.eu\/ca\/article-del-projecte-cap-a-un-marc-ampliat-de-competencia-digital-per-als-educadors\/","title":{"rendered":"Article del Projecte: Cap a un marc ampliat de compet\u00e8ncia digital per als educadors"},"content":{"rendered":"\n<p>En resposta als recents canvis en el panorama educatiu, s\u2019espera que els educadors posseeixin una \u00e0mplia gamma d\u2019habilitats, coneixements i compet\u00e8ncies relacionades amb l\u2019ensenyament amb TIC. No obstant aix\u00f2, en el complex escenari post-COVID, sembla que el paper essencial de les habilitats socio-relacionals i emocionals en la transmissi\u00f3 efectiva del contingut educatiu sovint es passa per alt en les intervencions institucionals i de formaci\u00f3. En aquest article, il\u00b7lustrem la fase de validaci\u00f3 del Marc de Qualificaci\u00f3 D-Paideia, que serveix com una extensi\u00f3 i actualitzaci\u00f3 del marc DigCompEdu sobre aquests temes. A trav\u00e9s de la consulta amb un panell de 30 experts internacionals, vam identificar punts de connexi\u00f3 i diverg\u00e8ncia entre les noves compet\u00e8ncies introdu\u00efdes i les ja presents en el marc original, aix\u00ed com l\u2019avaluaci\u00f3 i millora dels noms i descripcions de les noves compet\u00e8ncies.<\/p>\n\n\n\n<p>Autors:<\/p>\n\n\n\n<p>\u00b7\u00a0\u00a0\u00a0\u00a0\u00a0\u00a0\u00a0\u00a0\u00a0Elena Gabbi, Universitat de Flor\u00e8ncia (It\u00e0lia)<\/p>\n\n\n\n<p>\u00b7\u00a0\u00a0\u00a0\u00a0\u00a0\u00a0\u00a0\u00a0\u00a0Ilaria Ancillotti, Universitat de Flor\u00e8ncia (It\u00e0lia)<\/p>\n\n\n\n<p><\/p>\n\n\n\n<p><a href=\"https:\/\/ijet.itd.cnr.it\/index.php\/td\/article\/view\/1338\" data-type=\"link\" data-id=\"https:\/\/ijet.itd.cnr.it\/index.php\/td\/article\/view\/1338\">Llegeix l&#8217;article complet aqu\u00ed<\/a><\/p>\n","protected":false},"excerpt":{"rendered":"<p>En resposta als recents canvis en el panorama educatiu, s\u2019espera que els educadors posseeixin una \u00e0mplia gamma d\u2019habilitats, coneixements i compet\u00e8ncies relacionades amb l\u2019ensenyament amb TIC. No obstant aix\u00f2, en el complex escenari post-COVID, sembla que el paper essencial de les habilitats socio-relacionals i emocionals en la transmissi\u00f3 efectiva del contingut educatiu sovint es passa [&hellip;]<\/p>\n","protected":false},"author":1,"featured_media":0,"comment_status":"closed","ping_status":"open","sticky":false,"template":"","format":"standard","meta":{"_acf_changed":false,"_et_pb_use_builder":"off","_et_pb_old_content":"","_et_gb_content_width":"","footnotes":""},"categories":[12],"tags":[],"class_list":["post-2452","post","type-post","status-publish","format-standard","hentry","category-uncategorized-ca"],"acf":[],"_links":{"self":[{"href":"https:\/\/www.d-paideia.eu\/ca\/wp-json\/wp\/v2\/posts\/2452","targetHints":{"allow":["GET"]}}],"collection":[{"href":"https:\/\/www.d-paideia.eu\/ca\/wp-json\/wp\/v2\/posts"}],"about":[{"href":"https:\/\/www.d-paideia.eu\/ca\/wp-json\/wp\/v2\/types\/post"}],"author":[{"embeddable":true,"href":"https:\/\/www.d-paideia.eu\/ca\/wp-json\/wp\/v2\/users\/1"}],"replies":[{"embeddable":true,"href":"https:\/\/www.d-paideia.eu\/ca\/wp-json\/wp\/v2\/comments?post=2452"}],"version-history":[{"count":2,"href":"https:\/\/www.d-paideia.eu\/ca\/wp-json\/wp\/v2\/posts\/2452\/revisions"}],"predecessor-version":[{"id":2590,"href":"https:\/\/www.d-paideia.eu\/ca\/wp-json\/wp\/v2\/posts\/2452\/revisions\/2590"}],"wp:attachment":[{"href":"https:\/\/www.d-paideia.eu\/ca\/wp-json\/wp\/v2\/media?parent=2452"}],"wp:term":[{"taxonomy":"category","embeddable":true,"href":"https:\/\/www.d-paideia.eu\/ca\/wp-json\/wp\/v2\/categories?post=2452"},{"taxonomy":"post_tag","embeddable":true,"href":"https:\/\/www.d-paideia.eu\/ca\/wp-json\/wp\/v2\/tags?post=2452"}],"curies":[{"name":"wp","href":"https:\/\/api.w.org\/{rel}","templated":true}]}}