{"id":2450,"date":"2024-10-03T10:24:00","date_gmt":"2024-10-03T10:24:00","guid":{"rendered":"https:\/\/www.d-paideia.eu\/?p=2450"},"modified":"2024-10-28T12:05:04","modified_gmt":"2024-10-28T12:05:04","slug":"llancament-del-projecte-d-paideia-un-curriculum-innovador-per-millorar-les-competencies-digitals-pedagogiques-comunicado-de-premsa","status":"publish","type":"post","link":"https:\/\/www.d-paideia.eu\/ca\/llancament-del-projecte-d-paideia-un-curriculum-innovador-per-millorar-les-competencies-digitals-pedagogiques-comunicado-de-premsa\/","title":{"rendered":"Llan\u00e7ament del Projecte D-PAIDEIA: Un Curr\u00edculum Innovador per Millorar les Compet\u00e8ncies Digitals Pedag\u00f2giques (Comunicado de Premsa)"},"content":{"rendered":"\n<hr class=\"wp-block-separator has-alpha-channel-opacity\"\/>\n\n\n\n<p><em>Brussel\u00b7les, B\u00e8lgica \u2013 3 d\u2019octubre de 2024 <\/em>\u2014 El Projecte Erasmus+ D-PAIDEIA es complau a anunciar el llan\u00e7ament del seu nou curr\u00edculum dirigit a millorar les compet\u00e8ncies digitals pedag\u00f2giques dels educadors a tot Europa. Aquesta iniciativa innovadora aborda la necessitat cr\u00edtica que els docents s&#8217;adaptin a l\u2019entorn educatiu digital en constant evoluci\u00f3, posant \u00e8mfasi en les habilitats socioemocionals, la consci\u00e8ncia de les pol\u00edtiques institucionals i el benestar digital.<\/p>\n\n\n\n<p>El curr\u00edculum, dissenyat en col\u00b7laboraci\u00f3 amb experts en educaci\u00f3 i validat a trav\u00e9s del feedback extensiu de professors i professionals, s&#8217;ha desenvolupat per respondre als reptes que van afrontar els educadors durant la pand\u00e8mia de la COVID-19. Es basa en el marc DigCompEdu, afegint compet\u00e8ncies essencials en \u00e0rees com la gesti\u00f3 de relacions educatives amb les TIC, diverses estrat\u00e8gies de facilitaci\u00f3 i la gesti\u00f3 de la identitat digital.<\/p>\n\n\n\n<p><strong>Caracter\u00edstiques Clau del Curr\u00edculum D-PAIDEIA:<\/strong><\/p>\n\n\n\n<ul class=\"wp-block-list\">\n<li><strong>Formaci\u00f3 Integral:<\/strong> El curr\u00edculum inclou cinc m\u00f2duls estructurats que cobreixen \u00e0rees com la consci\u00e8ncia de les pol\u00edtiques institucionals, l\u2019equilibri entre la vida laboral i digital, i l\u2019\u00fas \u00e8tic dels recursos digitals.<\/li>\n\n\n\n<li><strong>Habilitats Socioemocionals:<\/strong> Les noves \u00e0rees de focus ajuden els professors a gestionar les relacions educatives i a integrar diverses estrat\u00e8gies de facilitaci\u00f3 tant per a l\u2019ensenyament presencial com en l\u00ednia.<\/li>\n\n\n\n<li><strong>Activitats Pr\u00e0ctiques d\u2019Aprenentatge:<\/strong> Els professors participaran en una varietat d\u2019activitats sincr\u00f2niques i asincr\u00f2niques dissenyades per a nivells principiant, intermedi i expert. Aquestes activitats asseguren un enfocament pr\u00e0ctic en el desenvolupament professional.<\/li>\n\n\n\n<li><strong>Gesti\u00f3 de la Identitat Digital:<\/strong> S&#8217;emfatitza l&#8217;ajuda als educadors en la gesti\u00f3 de la seva identitat i reputaci\u00f3 digital en el m\u00f3n connectat d&#8217;avui.<\/li>\n<\/ul>\n\n\n\n<p>El curr\u00edculum es pilotar\u00e0 el proper curs acad\u00e8mic, oferint un model flexible perqu\u00e8 les escoles el puguin implementar segons les seves necessitats espec\u00edfiques. Amb un enfocament en la inclusi\u00f3 i l\u2019adaptabilitat, el projecte D-PAIDEIA t\u00e9 com a objectiu proporcionar als educadors les eines necess\u00e0ries per fomentar entorns d&#8217;aprenentatge digital efectius, segurs i atractius.<\/p>\n\n\n\n<p><\/p>\n\n\n\n<p class=\"has-text-align-center\"><a href=\"http:\/\/www.d-paideia.eu\/wp-content\/uploads\/2024\/10\/D-PAIDEIA-Curriculum-for-post-Covid19-era.pdf\" data-type=\"link\" data-id=\"http:\/\/www.d-paideia.eu\/wp-content\/uploads\/2024\/10\/D-PAIDEIA-Curriculum-for-post-Covid19-era.pdf\">Fes clic aqu\u00ed per llegir i descarregar el curr\u00edculum D-Paideia<\/a><\/p>\n\n\n\n<p><\/p>\n\n\n\n<p><strong>Sobre el Projecte D-PAIDEIA<\/strong><br>El Projecte D-PAIDEIA \u00e9s una iniciativa finan\u00e7ada per Erasmus+ que busca millorar les compet\u00e8ncies digitals dels professors mitjan\u00e7ant l\u2019actualitzaci\u00f3 i ampliaci\u00f3 del marc DigCompEdu per abordar les necessitats educatives postpand\u00e8mia. El projecte reuneix institucions educatives de tot Europa per desenvolupar materials de formaci\u00f3 i eines de desenvolupament professional que preparin els educadors per als reptes de l&#8217;ensenyament digital.<\/p>\n","protected":false},"excerpt":{"rendered":"<p>Brussel\u00b7les, B\u00e8lgica \u2013 3 d\u2019octubre de 2024 \u2014 El Projecte Erasmus+ D-PAIDEIA es complau a anunciar el llan\u00e7ament del seu nou curr\u00edculum dirigit a millorar les compet\u00e8ncies digitals pedag\u00f2giques dels educadors a tot Europa. Aquesta iniciativa innovadora aborda la necessitat cr\u00edtica que els docents s&#8217;adaptin a l\u2019entorn educatiu digital en constant evoluci\u00f3, posant \u00e8mfasi en [&hellip;]<\/p>\n","protected":false},"author":1,"featured_media":0,"comment_status":"closed","ping_status":"open","sticky":false,"template":"","format":"standard","meta":{"_acf_changed":false,"_et_pb_use_builder":"off","_et_pb_old_content":"","_et_gb_content_width":"","footnotes":""},"categories":[12],"tags":[],"class_list":["post-2450","post","type-post","status-publish","format-standard","hentry","category-uncategorized-ca"],"acf":[],"_links":{"self":[{"href":"https:\/\/www.d-paideia.eu\/ca\/wp-json\/wp\/v2\/posts\/2450","targetHints":{"allow":["GET"]}}],"collection":[{"href":"https:\/\/www.d-paideia.eu\/ca\/wp-json\/wp\/v2\/posts"}],"about":[{"href":"https:\/\/www.d-paideia.eu\/ca\/wp-json\/wp\/v2\/types\/post"}],"author":[{"embeddable":true,"href":"https:\/\/www.d-paideia.eu\/ca\/wp-json\/wp\/v2\/users\/1"}],"replies":[{"embeddable":true,"href":"https:\/\/www.d-paideia.eu\/ca\/wp-json\/wp\/v2\/comments?post=2450"}],"version-history":[{"count":1,"href":"https:\/\/www.d-paideia.eu\/ca\/wp-json\/wp\/v2\/posts\/2450\/revisions"}],"predecessor-version":[{"id":2451,"href":"https:\/\/www.d-paideia.eu\/ca\/wp-json\/wp\/v2\/posts\/2450\/revisions\/2451"}],"wp:attachment":[{"href":"https:\/\/www.d-paideia.eu\/ca\/wp-json\/wp\/v2\/media?parent=2450"}],"wp:term":[{"taxonomy":"category","embeddable":true,"href":"https:\/\/www.d-paideia.eu\/ca\/wp-json\/wp\/v2\/categories?post=2450"},{"taxonomy":"post_tag","embeddable":true,"href":"https:\/\/www.d-paideia.eu\/ca\/wp-json\/wp\/v2\/tags?post=2450"}],"curies":[{"name":"wp","href":"https:\/\/api.w.org\/{rel}","templated":true}]}}